{"id":207444,"date":"2020-07-30T09:07:00","date_gmt":"2020-07-30T09:07:00","guid":{"rendered":"https:\/\/www.castroderei.gal\/sin-categorizar\/el-concello-adjudica-la-gestion-del-geriatrico-a-troncoso-casares-s-l-por-35-millones\/"},"modified":"2020-07-30T09:07:00","modified_gmt":"2020-07-30T09:07:00","slug":"el-concello-adjudica-la-gestion-del-geriatrico-a-troncoso-casares-s-l-por-35-millones","status":"publish","type":"post","link":"https:\/\/www.castroderei.gal\/es\/actualidad\/el-concello-adjudica-la-gestion-del-geriatrico-a-troncoso-casares-s-l-por-35-millones\/","title":{"rendered":"El Concello adjudica la gesti\u00f3n del geri\u00e1trico a Troncoso Casares S.L. por 3,5 millones"},"content":{"rendered":"\n<p>Fuente El Progreso<\/p>\n\n\n\n<p>El Concello recibi\u00f3 dos ofertas para hacerse cargo de la instalaci\u00f3n los pr\u00f3ximos cuatro a\u00f1os<\/p>\n\n\n\n<p>La junta de gobierno de Castro de Rei resolv\u00eda este lunes adjudicar a la firma ourens\u00e1&nbsp;<strong>Troncoso Casares SL&nbsp;<\/strong>la gesti\u00f3n de la residencia de mayores San Xo\u00e1n por un importe de 3.504.052,94 euros, por un periodo de cuatro a\u00f1os, que podr\u00eda prorrogarse por dos m\u00e1s, superando entonces la contrataci\u00f3n los cuatro millones de euros.<\/p>\n\n\n\n<p>La oferta presentada por la empresa de servicios socionasitarios con sede en Ourense fue la m\u00e1s valorada en la mesa de contrataci\u00f3n, al mejorar tanto el canon mensual que le corresponde al Concello, que fija en 8.556 euros, como<strong>&nbsp;los precios m\u00e1ximos de las plazas,<\/strong>&nbsp;con tres tramos estipulados: 990 euros para los residentes con autonom\u00eda y asistidos de grado I, 1.353 euros para los de grado II y 1.413,50 euros para los de grado III.<\/p>\n\n\n\n<p><strong>El alcalde de Castro de Rei, Francisco Balado,<\/strong>\u00a0calific\u00f3 \u00abpositiva\u00bb\u00a0esta adjudicaci\u00f3n y mostr\u00f3 su confianza en que redunde en la oferta de \u00abun mellor servizo e en mellores atenci\u00f3ns para os usuarios\u00bb. Incidi\u00f3 adem\u00e1s en que el incremento de recaudaci\u00f3n que supone para las arcas municipales la fijaci\u00f3n de un nuevo canon al alza, supondr\u00e1 percibir 102.672 euros anuales.<\/p>\n\n\n\n<p>El regidor municipal incidi\u00f3 adem\u00e1s en que el cambio de gesti\u00f3n no conlleva cambios en la plantilla del<strong>&nbsp;centro residencial San Xo\u00e1n,&nbsp;<\/strong>puesto que en el pliego de cl\u00e1usulas administrativas figura la subrogaci\u00f3n de un total de 25 trabajadores.<\/p>\n\n\n\n<p>El Concello de Castro de Rei, responsable de las instalaciones localizadas en una antigua edificaci\u00f3n del&nbsp;<strong>colegio Ram\u00f3n Falc\u00f3n<\/strong>, sac\u00f3 a concurso el contrato de gesti\u00f3n de servicio del centro residencial, en r\u00e9gimen jur\u00eddico concesional, en marzo de este a\u00f1o, pero al decretarse el estado de alarma y el confinamiento, todos los plazos administrativos se paralizaron y el proceso no se retomar\u00eda hasta mayo.<\/p>\n\n\n\n<p>Una vez cerrado el plazo de presentaci\u00f3n de ofertas a principios de junio, se constat\u00f3 la&nbsp;<strong>existencia de dos firmas interesadas<\/strong>&nbsp;y que ambas cumpl\u00edan todos los requisitos de la convocatoria. Estudiadas ambas propuestas, la mesa de contrataci\u00f3n otorg\u00f3 la m\u00e1xima puntuaci\u00f3n a la oferta de la nueva entidad adjudicataria.<\/p>\n\n\n\n<p>Troncoso Casares SL es ya la responsable de la gesti\u00f3n de varias residencias de mayores y centros de d\u00eda, tanto p\u00fablicos como privados, principalmente en la provincia de Ourense, adem\u00e1s de ofrecer otros servicios sociosanitarios. La empresa, operativa desde el a\u00f1o 1957, es tambi\u00e9n la responsable de la gesti\u00f3n en la provincia de Lugo de unos apartamentos tutelados en&nbsp;<strong>Antas de Ulla y de la residencia de mayores y centro de d\u00eda de Paradela.<\/strong><\/p>\n\n\n\n<p>La oferta que qued\u00f3 en segundo lugar fue la presentada por&nbsp;<strong>Asociaci\u00f3n Edad Dorada Mensajeros de la Paz Castilla la Mancha y Galicia,&nbsp;<\/strong>que ha sido la entidad responsable de la gesti\u00f3n del centro residencial de Castro de Rei desde su apertura en enero de 2014.<\/p>\n\n\n\n<p><strong>La ONG Mensajeros de la Paz<\/strong>&nbsp;estuvo adem\u00e1s vinculada al proyecto desde sus inicios, que se remontan al a\u00f1o 2002. La puesta en marcha de este servicio se fue demorando durante m\u00e1s de una d\u00e9cada, tiempo en el que el acuerdo alcanzado entre el Concello de Castro de Rei y la entidad tuvo que ser revisado en pleno en varias ocasiones.<strong>Una oferta total de 53 plazas<\/strong>La residencia de personas mayores y de discapacitados gravemente afectados, localizada en la R\u00faa Alcalde Emilio Sinde Nieto de Castro de Rei, cuenta con un total de 53 plazas, de las que 34 se corresponde con los usuarios de la residencia y las 19 restantes se reservan para discapacitados gravemente afectados.<br><strong>Instalaciones<\/strong><br>El inmueble cuenta con una superficie de 2.032,92 metros cuadrados \u00fatiles, repartidos en cuatro plantas. En el s\u00f3tano se localizan la lavander\u00eda, vestuarios, el almac\u00e9n o las calderas. En el bajo est\u00e1n la entrada, los despachos de direcci\u00f3n y administraci\u00f3n, dos salas de actividades, dependencias m\u00e9dicas, la cocina y el comedor y doce habitaciones. El primer piso cuenta con 13 dormitorios y el segundo con ocho y otras salas.<br><strong>Actividades<\/strong><br>Adem\u00e1s de los servicios propios de la residencia tambi\u00e9n se promueven actividades e intercambios l\u00fadicos, por ejemplo con el alumnado del vecino Ceip Ram\u00f3n Falc\u00f3n.<\/p>\n","protected":false},"excerpt":{"rendered":"<p>Fuente El Progreso El Concello recibi\u00f3 dos ofertas para hacerse cargo de la instalaci\u00f3n los pr\u00f3ximos cuatro a\u00f1os La junta de gobierno de Castro de Rei resolv\u00eda este lunes adjudicar a la firma ourens\u00e1&nbsp;Troncoso Casares SL&nbsp;la gesti\u00f3n de la residencia de mayores San Xo\u00e1n por un importe de 3.504.052,94 euros, por un periodo de cuatro [&hellip;]<\/p>\n","protected":false},"author":1,"featured_media":207442,"comment_status":"closed","ping_status":"closed","sticky":false,"template":"","format":"standard","meta":{"_et_pb_use_builder":"off","_et_pb_old_content":"","_et_gb_content_width":"","footnotes":""},"categories":[8],"tags":[],"class_list":["post-207444","post","type-post","status-publish","format-standard","has-post-thumbnail","hentry","category-actualidad"],"_links":{"self":[{"href":"https:\/\/www.castroderei.gal\/es\/wp-json\/wp\/v2\/posts\/207444\/"}],"collection":[{"href":"https:\/\/www.castroderei.gal\/es\/wp-json\/wp\/v2\/posts\/"}],"about":[{"href":"https:\/\/www.castroderei.gal\/es\/wp-json\/wp\/v2\/types\/post\/"}],"author":[{"embeddable":true,"href":"https:\/\/www.castroderei.gal\/es\/wp-json\/wp\/v2\/users\/1\/"}],"replies":[{"embeddable":true,"href":"https:\/\/www.castroderei.gal\/es\/wp-json\/wp\/v2\/comments\/?post=207444"}],"version-history":[{"count":0,"href":"https:\/\/www.castroderei.gal\/es\/wp-json\/wp\/v2\/posts\/207444\/revisions\/"}],"wp:featuredmedia":[{"embeddable":true,"href":"https:\/\/www.castroderei.gal\/es\/wp-json\/wp\/v2\/media\/207442\/"}],"wp:attachment":[{"href":"https:\/\/www.castroderei.gal\/es\/wp-json\/wp\/v2\/media\/?parent=207444"}],"wp:term":[{"taxonomy":"category","embeddable":true,"href":"https:\/\/www.castroderei.gal\/es\/wp-json\/wp\/v2\/categories\/?post=207444"},{"taxonomy":"post_tag","embeddable":true,"href":"https:\/\/www.castroderei.gal\/es\/wp-json\/wp\/v2\/tags\/?post=207444"}],"curies":[{"name":"wp","href":"https:\/\/api.w.org\/{rel}","templated":true}]}}