{"id":206963,"date":"2018-10-07T15:38:19","date_gmt":"2018-10-07T15:38:19","guid":{"rendered":"https:\/\/www.castroderei.gal\/sin-categorizar\/el-concello-renueva-la-caseta-del-pulpo-de-castro\/"},"modified":"2018-10-07T15:38:19","modified_gmt":"2018-10-07T15:38:19","slug":"el-concello-renueva-la-caseta-del-pulpo-de-castro","status":"publish","type":"post","link":"https:\/\/www.castroderei.gal\/es\/actualidad\/el-concello-renueva-la-caseta-del-pulpo-de-castro\/","title":{"rendered":"El Concello renueva la caseta del pulpo de Castro"},"content":{"rendered":"<div class=\"summary\">\n<p style=\"text-align: center;\"><a href=\"https:\/\/www.castroderei.gal\/wp-content\/uploads\/2018\/10\/AXENCIA-TURISMO-DE-GALICIA-1.jpg\"><img loading=\"lazy\" decoding=\"async\" class=\"alignnone size-medium wp-image-206958\" src=\"https:\/\/www.castroderei.gal\/wp-content\/uploads\/2018\/10\/AXENCIA-TURISMO-DE-GALICIA-1-300x138.jpg\" alt=\"\" width=\"300\" height=\"138\" srcset=\"https:\/\/www.castroderei.gal\/wp-content\/uploads\/2018\/10\/AXENCIA-TURISMO-DE-GALICIA-1-300x138.jpg 300w, https:\/\/www.castroderei.gal\/wp-content\/uploads\/2018\/10\/AXENCIA-TURISMO-DE-GALICIA-1-768x353.jpg 768w, https:\/\/www.castroderei.gal\/wp-content\/uploads\/2018\/10\/AXENCIA-TURISMO-DE-GALICIA-1.jpg 870w\" sizes=\"(max-width: 300px) 100vw, 300px\" \/><\/a><a href=\"https:\/\/www.castroderei.gal\/wp-content\/uploads\/2018\/10\/galicia.png\"><img loading=\"lazy\" decoding=\"async\" class=\"alignnone size-medium wp-image-206960\" src=\"https:\/\/www.castroderei.gal\/wp-content\/uploads\/2018\/10\/galicia-300x129.png\" alt=\"\" width=\"300\" height=\"129\" srcset=\"https:\/\/www.castroderei.gal\/wp-content\/uploads\/2018\/10\/galicia-300x129.png 300w, https:\/\/www.castroderei.gal\/wp-content\/uploads\/2018\/10\/galicia-768x329.png 768w, https:\/\/www.castroderei.gal\/wp-content\/uploads\/2018\/10\/galicia-1024x439.png 1024w, https:\/\/www.castroderei.gal\/wp-content\/uploads\/2018\/10\/galicia-1080x463.png 1080w\" sizes=\"(max-width: 300px) 100vw, 300px\" \/><\/a><\/p>\n<p>La actuaci\u00f3n, que cuenta con un presupuesto de 40.000 euros, incluye la colocaci\u00f3n de un cierre de cristal con motivos tur\u00edsticosEl Concello de Castro de Rei ha iniciado estos d\u00edas obras en la caseta del pulpo ubicada en la carballeira Castro de Ribeiras de Lea, un emblema que renovar\u00e1 su imagen y mejorar\u00e1 sus prestaciones.<\/p>\n<\/div>\n<div class=\"content-data\">\n<div class=\"content-body inner-article-data\">\n<div class=\"body a-chaira\">\n<p>Los trabajos, que cuenta con un presupuesto de 40.000 euros -del que el 65% ser\u00e1 aportado por la Axencia Galega de Turismo dependiente de Presidencia de la Xunta de Galicia, y el 35% restante saldr\u00e1 de las arcas municipales- consistir\u00e1n en la instalaci\u00f3n de un cierre de aluminio con cristal doble.<\/p>\n<p>\u00abQueriamos que fose similar ao sistema que xa se instalou na vila de Castro de Rei, nunha caseta que foi constru\u00edda grazas a unha axuda de Agader\u00bb, explica el regidor, Francisco Balado, precisando que el objetivo de esta actuaci\u00f3n va encaminado \u00aba conseguir que a instalaci\u00f3n sexa m\u00e1is c\u00f3moda, estea illada e evite que a xente pase fr\u00edo ou se molle na \u00e9poca do inverno\u00bb.<\/p>\n<p>Hasta ahora, eran los propios pulpeiros los que colocaban provisionalmente unas lonas para cerrar el per\u00edmetro de la caseta de Castro de Ribeiras de Lea, una medida insuficiente para contener las bajas temperaturas, tal y como constaban las decenas de vecinos y visitantes que cada mi\u00e9rcoles acuden a su cita semanal con el pulpo.<\/p>\n<p>Adem\u00e1s, desde el Concello de Castro de Rei aprovechar\u00e1n esta actuaci\u00f3n para promocionar el patrimonio local. \u00abA idea \u00e9 que na cristaleira se coloquen motivos tur\u00edsticos do noso municipio\u00bb, avanza el alcalde, quien confirma que todos tendr\u00e1n \u00abunha breve descrici\u00f3n en galego e en castel\u00e1n\u00bb.<\/p>\n<p>Tambi\u00e9n se reproducir\u00e1n fotos antiguas de la feria de Castro, una manera de poner en valor un evento clave en la localidad.<\/p>\n<\/div>\n<p>&nbsp;<\/p>\n<div class=\"body a-chaira\">\n<p>Fuente el Progreso de Lugo<\/p>\n<\/div>\n<\/div>\n<\/div>\n","protected":false},"excerpt":{"rendered":"<p>La actuaci\u00f3n, que cuenta con un presupuesto de 40.000 euros, incluye la colocaci\u00f3n de un cierre de cristal con motivos tur\u00edsticosEl Concello de Castro de Rei ha iniciado estos d\u00edas obras en la caseta del pulpo ubicada en la carballeira Castro de Ribeiras de Lea, un emblema que renovar\u00e1 su imagen y mejorar\u00e1 sus prestaciones. [&hellip;]<\/p>\n","protected":false},"author":1,"featured_media":206957,"comment_status":"closed","ping_status":"closed","sticky":false,"template":"","format":"standard","meta":{"_et_pb_use_builder":"","_et_pb_old_content":"","_et_gb_content_width":"","footnotes":""},"categories":[8,11],"tags":[],"class_list":["post-206963","post","type-post","status-publish","format-standard","has-post-thumbnail","hentry","category-actualidad","category-noticias"],"_links":{"self":[{"href":"https:\/\/www.castroderei.gal\/es\/wp-json\/wp\/v2\/posts\/206963\/"}],"collection":[{"href":"https:\/\/www.castroderei.gal\/es\/wp-json\/wp\/v2\/posts\/"}],"about":[{"href":"https:\/\/www.castroderei.gal\/es\/wp-json\/wp\/v2\/types\/post\/"}],"author":[{"embeddable":true,"href":"https:\/\/www.castroderei.gal\/es\/wp-json\/wp\/v2\/users\/1\/"}],"replies":[{"embeddable":true,"href":"https:\/\/www.castroderei.gal\/es\/wp-json\/wp\/v2\/comments\/?post=206963"}],"version-history":[{"count":0,"href":"https:\/\/www.castroderei.gal\/es\/wp-json\/wp\/v2\/posts\/206963\/revisions\/"}],"wp:featuredmedia":[{"embeddable":true,"href":"https:\/\/www.castroderei.gal\/es\/wp-json\/wp\/v2\/media\/206957\/"}],"wp:attachment":[{"href":"https:\/\/www.castroderei.gal\/es\/wp-json\/wp\/v2\/media\/?parent=206963"}],"wp:term":[{"taxonomy":"category","embeddable":true,"href":"https:\/\/www.castroderei.gal\/es\/wp-json\/wp\/v2\/categories\/?post=206963"},{"taxonomy":"post_tag","embeddable":true,"href":"https:\/\/www.castroderei.gal\/es\/wp-json\/wp\/v2\/tags\/?post=206963"}],"curies":[{"name":"wp","href":"https:\/\/api.w.org\/{rel}","templated":true}]}}