{"id":206879,"date":"2018-08-15T21:07:11","date_gmt":"2018-08-15T21:07:11","guid":{"rendered":"https:\/\/www.castroderei.gal\/sin-categorizar\/feira-do-cabalo-2018\/"},"modified":"2018-08-15T21:07:11","modified_gmt":"2018-08-15T21:07:11","slug":"feira-do-cabalo-2018","status":"publish","type":"post","link":"https:\/\/www.castroderei.gal\/es\/actualidad\/feira-do-cabalo-2018\/","title":{"rendered":"Feira do Cabalo 2018"},"content":{"rendered":"<p>A localidade de Castro Ribeiras de Lea acoller\u00e1 unha nova edici\u00f3n a Feira do Cabalo, que ter\u00e1 lugar o s\u00e1bado 1 de setembro nas instalaci\u00f3ns do mercado gandeiro.<\/p>\n<p>Esta feira contar\u00e1 con probas federadas para o Campionato Galego de Andadura, que se celebrar\u00e1n \u00e1ss 11.00 horas. Pola tarde, \u00e1 a partir das 16.30 horas, ser\u00e1n as probas libres de andadura.<\/p>\n","protected":false},"excerpt":{"rendered":"<p>A localidade de Castro Ribeiras de Lea acoller\u00e1 unha nova edici\u00f3n a Feira do Cabalo, que ter\u00e1 lugar o s\u00e1bado 1 de setembro nas instalaci\u00f3ns do mercado gandeiro. Esta feira contar\u00e1 con probas federadas para o Campionato Galego de Andadura, que se celebrar\u00e1n \u00e1ss 11.00 horas. Pola tarde, \u00e1 a partir das 16.30 horas, ser\u00e1n [&hellip;]<\/p>\n","protected":false},"author":1,"featured_media":206877,"comment_status":"closed","ping_status":"closed","sticky":false,"template":"","format":"standard","meta":{"_et_pb_use_builder":"","_et_pb_old_content":"","_et_gb_content_width":"","footnotes":""},"categories":[8,10,11],"tags":[],"class_list":["post-206879","post","type-post","status-publish","format-standard","has-post-thumbnail","hentry","category-actualidad","category-eventos","category-noticias"],"_links":{"self":[{"href":"https:\/\/www.castroderei.gal\/es\/wp-json\/wp\/v2\/posts\/206879\/"}],"collection":[{"href":"https:\/\/www.castroderei.gal\/es\/wp-json\/wp\/v2\/posts\/"}],"about":[{"href":"https:\/\/www.castroderei.gal\/es\/wp-json\/wp\/v2\/types\/post\/"}],"author":[{"embeddable":true,"href":"https:\/\/www.castroderei.gal\/es\/wp-json\/wp\/v2\/users\/1\/"}],"replies":[{"embeddable":true,"href":"https:\/\/www.castroderei.gal\/es\/wp-json\/wp\/v2\/comments\/?post=206879"}],"version-history":[{"count":0,"href":"https:\/\/www.castroderei.gal\/es\/wp-json\/wp\/v2\/posts\/206879\/revisions\/"}],"wp:featuredmedia":[{"embeddable":true,"href":"https:\/\/www.castroderei.gal\/es\/wp-json\/wp\/v2\/media\/206877\/"}],"wp:attachment":[{"href":"https:\/\/www.castroderei.gal\/es\/wp-json\/wp\/v2\/media\/?parent=206879"}],"wp:term":[{"taxonomy":"category","embeddable":true,"href":"https:\/\/www.castroderei.gal\/es\/wp-json\/wp\/v2\/categories\/?post=206879"},{"taxonomy":"post_tag","embeddable":true,"href":"https:\/\/www.castroderei.gal\/es\/wp-json\/wp\/v2\/tags\/?post=206879"}],"curies":[{"name":"wp","href":"https:\/\/api.w.org\/{rel}","templated":true}]}}