{"id":206565,"date":"2018-03-07T15:22:21","date_gmt":"2018-03-07T15:22:21","guid":{"rendered":"https:\/\/www.castroderei.gal\/sin-categorizar\/el-concello-proyecta-crear-un-vivero-de-empresas-en-el-poligono-de-castro\/"},"modified":"2018-03-07T15:22:21","modified_gmt":"2018-03-07T15:22:21","slug":"el-concello-proyecta-crear-un-vivero-de-empresas-en-el-poligono-de-castro","status":"publish","type":"post","link":"https:\/\/www.castroderei.gal\/es\/actualidad\/el-concello-proyecta-crear-un-vivero-de-empresas-en-el-poligono-de-castro\/","title":{"rendered":"El Concello proyecta crear un vivero de empresas en el pol\u00edgono de Castro"},"content":{"rendered":"<div class=\"summary\">\n<p>El gobierno local solicit\u00f3 a la Conseller\u00eda de Industria una subvenci\u00f3n de 339.000 euros para habilitar tres naves industriales y un local<\/p>\n<\/div>\n<div class=\"content-utilities statics\">\n<div class=\"sharrre-tools\">\n<div class=\"container custom-container\">\n<div class=\"sharrre\" data-title=\"Compartir\" data-url=\"\/articulo\/a-chaira\/concello-proyecta-crear-vivero-empresas-poligono-castro\/201803051738321298974.html\">\n<ul class=\"nav-justified\">\n<li id=\"facebook-4997\" class=\"facebook sharrre\" data-url=\"https:\/\/www.elprogreso.es\/articulo\/a-chaira\/concello-proyecta-crear-vivero-empresas-poligono-castro\/201803051738321298974.html\" data-text=\"El Concello proyecta crear un vivero de empresas en   el pol\u00edgono de Castro\"><i class=\"fa fa-facebook\"><\/i><\/li>\n<li id=\"twitter-4997\" class=\"twitter\"><i class=\"fa fa-twitter\"><\/i><\/li>\n<li id=\"googleplus-4997\" class=\"googleplus sharrre\" data-url=\"https:\/\/www.elprogreso.es\/articulo\/a-chaira\/concello-proyecta-crear-vivero-empresas-poligono-castro\/201803051738321298974.html\" data-text=\"El Concello proyecta crear un vivero de empresas en   el pol\u00edgono de Castro\"><i class=\"fa fa-google-plus\"><\/i><\/li>\n<li class=\"meneame only-share\"><a class=\"button-meneame box\" title=\"Enviar a Meneame\" href=\"https:\/\/meneame.net\/submit.php?url=https:\/\/www.elprogreso.es\/articulo\/a-chaira\/concello-proyecta-crear-vivero-empresas-poligono-castro\/201803051738321298974.html\" target=\"_blank\" rel=\"noopener\"><span class=\"share\"><img decoding=\"async\" src=\"\" alt=\"meneame icon\" \/><\/span><\/a><\/li>\n<li class=\"share-mail only-share\"><i class=\"fa fa-envelope\"><\/i><\/li>\n<li class=\"comments only-share\"><i class=\"fa fa-comment\"><\/i><\/li>\n<li class=\"print only-share\"><i class=\"fa fa-print\"><\/i><\/li>\n<\/ul>\n<\/div>\n<\/div>\n<\/div>\n<\/div>\n<div class=\"content-data\">\n<div class=\"content-body inner-article-data\">\n<div class=\"body a-chaira\">\n<p>El Concello de Castro de Rei estudia crear un vivero de empresas en el pol\u00edgono industrial de Castro con el objetivo de apoyar a los emprendedores e impulsar la creaci\u00f3n de nuevos proyectos en el municipio. El gobierno local solicit\u00f3 a la Conseller\u00eda de Econom\u00eda e Industria poder acojerse a una subvenci\u00f3n para la creaci\u00f3n del vivero de empresas, que rondar\u00eda los 339.000 euros.<\/p>\n<\/div>\n<\/div>\n<\/div>\n","protected":false},"excerpt":{"rendered":"<p>El gobierno local solicit\u00f3 a la Conseller\u00eda de Industria una subvenci\u00f3n de 339.000 euros para habilitar tres naves industriales y un local El Concello de Castro de Rei estudia crear un vivero de empresas en el pol\u00edgono industrial de Castro con el objetivo de apoyar a los emprendedores e impulsar la creaci\u00f3n de nuevos proyectos [&hellip;]<\/p>\n","protected":false},"author":1,"featured_media":206516,"comment_status":"closed","ping_status":"closed","sticky":false,"template":"","format":"standard","meta":{"_et_pb_use_builder":"","_et_pb_old_content":"","_et_gb_content_width":"","footnotes":""},"categories":[8,11],"tags":[],"class_list":["post-206565","post","type-post","status-publish","format-standard","has-post-thumbnail","hentry","category-actualidad","category-noticias"],"_links":{"self":[{"href":"https:\/\/www.castroderei.gal\/es\/wp-json\/wp\/v2\/posts\/206565\/"}],"collection":[{"href":"https:\/\/www.castroderei.gal\/es\/wp-json\/wp\/v2\/posts\/"}],"about":[{"href":"https:\/\/www.castroderei.gal\/es\/wp-json\/wp\/v2\/types\/post\/"}],"author":[{"embeddable":true,"href":"https:\/\/www.castroderei.gal\/es\/wp-json\/wp\/v2\/users\/1\/"}],"replies":[{"embeddable":true,"href":"https:\/\/www.castroderei.gal\/es\/wp-json\/wp\/v2\/comments\/?post=206565"}],"version-history":[{"count":0,"href":"https:\/\/www.castroderei.gal\/es\/wp-json\/wp\/v2\/posts\/206565\/revisions\/"}],"wp:featuredmedia":[{"embeddable":true,"href":"https:\/\/www.castroderei.gal\/es\/wp-json\/wp\/v2\/media\/206516\/"}],"wp:attachment":[{"href":"https:\/\/www.castroderei.gal\/es\/wp-json\/wp\/v2\/media\/?parent=206565"}],"wp:term":[{"taxonomy":"category","embeddable":true,"href":"https:\/\/www.castroderei.gal\/es\/wp-json\/wp\/v2\/categories\/?post=206565"},{"taxonomy":"post_tag","embeddable":true,"href":"https:\/\/www.castroderei.gal\/es\/wp-json\/wp\/v2\/tags\/?post=206565"}],"curies":[{"name":"wp","href":"https:\/\/api.w.org\/{rel}","templated":true}]}}