{"id":206490,"date":"2017-12-20T10:05:41","date_gmt":"2017-12-20T10:05:41","guid":{"rendered":"https:\/\/www.castroderei.gal\/sin-categorizar\/a-xunta-invertira-medio-millon-de-euros-no-colexio-de-castro-de-ribeiras-de-lea\/"},"modified":"2017-12-20T10:06:08","modified_gmt":"2017-12-20T10:06:08","slug":"a-xunta-invertira-medio-millon-de-euros-no-colexio-de-castro-de-ribeiras-de-lea","status":"publish","type":"post","link":"https:\/\/www.castroderei.gal\/es\/actualidad\/a-xunta-invertira-medio-millon-de-euros-no-colexio-de-castro-de-ribeiras-de-lea\/","title":{"rendered":"A Xunta invertir\u00e1 medio mill\u00f3n de euros no colexio de Castro de Ribeiras de Lea"},"content":{"rendered":"<p>&nbsp;<\/p>\n<ul>\n<li><strong><em>O delegado territorial, Jos\u00e9 Manuel Balseiro, visitou o centro e explicou os pasos a seguir que far\u00e1n posible a execuci\u00f3n material das obras<\/em><\/strong><\/li>\n<li><strong><em>Para a elaboraci\u00f3n do proxecto definitivo a Conseller\u00eda de Cultura e Educaci\u00f3n convidou a 47 arquitectos novos para darlles a oportunidade de incorporar esta experiencia aos seus curr\u00edculo<\/em><\/strong><\/li>\n<\/ul>\n<p>O colexio de educaci\u00f3n infantil e primaria Veleiro-Docampo, en Castro de Rei, \u00e9 un dos centros da provincia da Lugo que se ver\u00e1 beneficiado en 2018 polo Plan de Rehabilitaci\u00f3n Integral de edificios educativos que anunciou a Conseller\u00eda de Cultura, Educaci\u00f3n e Ordenaci\u00f3n Universitaria. O delegado territorial da Xunta en Lugo, Jos\u00e9 Manuel Balseiro, acompa\u00f1ado do alcalde da localidade, Francisco Javier Balado, deron conta durante unha visita ao centro dos pasos a seguir que far\u00e1n posible a execuci\u00f3n material das obras para as que se reserva un investimento inicial estimado de medio mill\u00f3n de euros. Entre as actuaci\u00f3ns previstas se incl\u00fae a inxecci\u00f3n de material na c\u00e1mara de aire das fachadas, cambio das fiestras e carpinter\u00eda exterior e persianas, colocaci\u00f3n de falsos teitos e introduci\u00f3n de tecnolox\u00eda led nas luminarias. Ademais, de xeito complementario executarse o pintado interior do centro e, previsiblemente a reforma dos aseos. Balseiro explicou que esta actuaci\u00f3n tan ambiciosa, reportar\u00e1 maior confortabilidade aos escolares e a todos os usuarios, as\u00ed como unha mellora substancial da eficiencia enerx\u00e9tica do centro, que contribuir\u00e1 tam\u00e9n \u00e1 reduci\u00f3n considerable dos custes de mantemento, polo menor consumo de luz e calefacci\u00f3n. Na actualidade, o CEIP Veleiro Docampo acolle a un total de 197 alumnos, deles 50 cursan infantil e 147 primaria.<\/p>\n<p>&nbsp;<\/p>\n","protected":false},"excerpt":{"rendered":"<p>&nbsp; O delegado territorial, Jos\u00e9 Manuel Balseiro, visitou o centro e explicou os pasos a seguir que far\u00e1n posible a execuci\u00f3n material das obras Para a elaboraci\u00f3n do proxecto definitivo a Conseller\u00eda de Cultura e Educaci\u00f3n convidou a 47 arquitectos novos para darlles a oportunidade de incorporar esta experiencia aos seus curr\u00edculo O colexio de [&hellip;]<\/p>\n","protected":false},"author":1,"featured_media":206488,"comment_status":"closed","ping_status":"closed","sticky":false,"template":"","format":"standard","meta":{"_et_pb_use_builder":"","_et_pb_old_content":"","_et_gb_content_width":"","footnotes":""},"categories":[8,11],"tags":[],"class_list":["post-206490","post","type-post","status-publish","format-standard","has-post-thumbnail","hentry","category-actualidad","category-noticias"],"_links":{"self":[{"href":"https:\/\/www.castroderei.gal\/es\/wp-json\/wp\/v2\/posts\/206490\/"}],"collection":[{"href":"https:\/\/www.castroderei.gal\/es\/wp-json\/wp\/v2\/posts\/"}],"about":[{"href":"https:\/\/www.castroderei.gal\/es\/wp-json\/wp\/v2\/types\/post\/"}],"author":[{"embeddable":true,"href":"https:\/\/www.castroderei.gal\/es\/wp-json\/wp\/v2\/users\/1\/"}],"replies":[{"embeddable":true,"href":"https:\/\/www.castroderei.gal\/es\/wp-json\/wp\/v2\/comments\/?post=206490"}],"version-history":[{"count":1,"href":"https:\/\/www.castroderei.gal\/es\/wp-json\/wp\/v2\/posts\/206490\/revisions\/"}],"predecessor-version":[{"id":206491,"href":"https:\/\/www.castroderei.gal\/es\/wp-json\/wp\/v2\/posts\/206490\/revisions\/206491\/"}],"wp:featuredmedia":[{"embeddable":true,"href":"https:\/\/www.castroderei.gal\/es\/wp-json\/wp\/v2\/media\/206488\/"}],"wp:attachment":[{"href":"https:\/\/www.castroderei.gal\/es\/wp-json\/wp\/v2\/media\/?parent=206490"}],"wp:term":[{"taxonomy":"category","embeddable":true,"href":"https:\/\/www.castroderei.gal\/es\/wp-json\/wp\/v2\/categories\/?post=206490"},{"taxonomy":"post_tag","embeddable":true,"href":"https:\/\/www.castroderei.gal\/es\/wp-json\/wp\/v2\/tags\/?post=206490"}],"curies":[{"name":"wp","href":"https:\/\/api.w.org\/{rel}","templated":true}]}}