{"id":206332,"date":"2017-10-28T14:50:10","date_gmt":"2017-10-28T14:50:10","guid":{"rendered":"https:\/\/www.castroderei.gal\/sin-categorizar\/a-expodegustacion-da-galina-de-mos-reunira-a-mais-de-800-comensales\/"},"modified":"2017-10-28T14:50:39","modified_gmt":"2017-10-28T14:50:39","slug":"a-expodegustacion-da-galina-de-mos-reunira-a-mais-de-800-comensales","status":"publish","type":"post","link":"https:\/\/www.castroderei.gal\/es\/actualidad\/a-expodegustacion-da-galina-de-mos-reunira-a-mais-de-800-comensales\/","title":{"rendered":"A Expodegustaci\u00f3n da Gali\u00f1a de Mos reunir\u00e1 a m\u00e1is de 800 comensales"},"content":{"rendered":"<h3>La cita, que cumple el domingo su octava edici\u00f3n, incluir\u00e1 en su programa un concurso de esta raza aut\u00f3ctona, adem\u00e1s de animaci\u00f3n musical y muestras de artesan\u00eda y maquinaria<\/h3>\n<p><a href=\"https:\/\/www.castroderei.gal\/wp-content\/uploads\/2017\/10\/ELP2610P18F1.jpg\"><img loading=\"lazy\" decoding=\"async\" class=\"alignnone wp-image-206330\" src=\"https:\/\/www.castroderei.gal\/wp-content\/uploads\/2017\/10\/ELP2610P18F1-300x175.jpg\" alt=\"\" width=\"674\" height=\"393\" srcset=\"https:\/\/www.castroderei.gal\/wp-content\/uploads\/2017\/10\/ELP2610P18F1-300x175.jpg 300w, https:\/\/www.castroderei.gal\/wp-content\/uploads\/2017\/10\/ELP2610P18F1.jpg 633w\" sizes=\"(max-width: 674px) 100vw, 674px\" \/><\/a><\/p>\n<p>La Expodegustaci\u00f3n da Gali\u00f1a de Mos, que se celebrar\u00e1 este domingo, d\u00eda 29, en la parroquia de San Xiao de Mos, en el municipio de Castro de Rei, espera reunir a m\u00e1s de 800 comensales en su tradicional degustaci\u00f3n popular.\u00a0As\u00ed lo confirmaron representantes de la asociaci\u00f3n vecinal que organiza la cita, y que cuenta con la colaboraci\u00f3n de Avim\u00f3s, el Concello de Castro de Rei y la Diputaci\u00f3n Provincial de Lugo en su puesta en marcha.<br \/>\nEn esta ocasi\u00f3n, y a partir de las 13.00 horas, los visitantes y curiosos que se acerquen hasta este evento gastron\u00f3mico, que abrir\u00e1 sus puertas en torno a las 10.30 horas, podr\u00e1n probar, por un m\u00f3dico precio de ocho euros, un men\u00fa a base de pollo guisado con patatas y un huevo, tarta de Santiago y queso Leitigal.\u00a0La comida, que ser\u00e1 preparada por los vecinos de esta parroquia chairega, se servir\u00e1 en una carpa que se instalar\u00e1 para la ocasi\u00f3n en el campo de la fiesta de San Xiao de Mos.<br \/>\nPero este no ser\u00e1 el \u00fanico atractivo de un evento que alcanza ya su octava edici\u00f3n. El presidente de la asociaci\u00f3n de criadores de Gali\u00f1a de Mos, Francisco Monasterio, avanz\u00f3 durante la presentaci\u00f3n, que se celebr\u00f3 ayer en la carballeira de Castro de Rei, que el sexto Concurso Comarcal da Raza Gali\u00f1a de Mos contar\u00e1 con la participaci\u00f3n de medio centenar de ejemplares, de una docena de criadores de la zona.<\/p>\n<blockquote><p>La asociaci\u00f3n O Cadaval de Pacios ser\u00e1 la encargada de promover competiciones de juegos populares en la sesi\u00f3n de tarde<\/p><\/blockquote>\n<p>Esta iniciativa permitir\u00e1 \u00abvalorar un ano m\u00e1is os animais e dar a co\u00f1ecer o produto\u00bb, resalt\u00f3 Monasterio, sobre un certamen en el que se escoger\u00e1 al mejor gallo y la mejor gallina. \u00abO concurso axudar\u00e1 tam\u00e9n a que os criadores descubran se est\u00e1n facendo ben ou non o seu traballo\u00bb, a\u00f1adi\u00f3 el presidente.<br \/>\nLa jornada festiva se completar\u00e1 con la animaci\u00f3n musical del d\u00fao La Ola, que amenizar\u00e1 la sobremesa, y con juegos populares, a partir de las 15.30 horas, a cargo de la asociaci\u00f3n de Pacios, O Cadaval.<br \/>\nAdem\u00e1s, habr\u00e1 exposici\u00f3n de maquinaria agr\u00edcola y diferentes puestos de artesan\u00eda, tal y como explic\u00f3 el regidor, Francisco Balado, quien agradeci\u00f3 \u00abo traballo realizado polos criadores para recuperar esta raza\u00bb, al tiempo que expres\u00f3 su inter\u00e9s porque todos los asistentes \u00abdesfruten deste evento, que esperemos que siga organiz\u00e1ndose por moitos anos\u00bb.<br \/>\nA la presentaci\u00f3n de la Expodegustaci\u00f3n da Gali\u00f1a de Mos tambi\u00e9n acudi\u00f3 Lino Rodr\u00edguez \u00d3nega, alcalde de Pol y diputado provincial de medio rural, quien alab\u00f3 el producto. \u00abCon dicir Gali\u00f1a de Mos xa o dicimos todo\u00bb, resumi\u00f3, agradeciendo \u00abo duro traballo que desenvolve a asociaci\u00f3n\u00bb y que permite que con este evento \u00abhaxa turismo na zona e se promocionen os valores da nosa provincia\u00bb.<\/p>\n<p><strong>EXPOSITORES<\/strong>. Los interesados en asistir con sus puestos de artesan\u00eda o maquinaria agr\u00edcola a la cita de Castro de Rei deber\u00e1n anotarse en las instalaciones municipales o bien poni\u00e9ndose en contacto con el Concello en el tel\u00e9fono 982.31.40.34.<\/p>\n<p>FUENTE EL PROGRESO DE LUGO<\/p>\n","protected":false},"excerpt":{"rendered":"<p>La cita, que cumple el domingo su octava edici\u00f3n, incluir\u00e1 en su programa un concurso de esta raza aut\u00f3ctona, adem\u00e1s de animaci\u00f3n musical y muestras de artesan\u00eda y maquinaria La Expodegustaci\u00f3n da Gali\u00f1a de Mos, que se celebrar\u00e1 este domingo, d\u00eda 29, en la parroquia de San Xiao de Mos, en el municipio de Castro [&hellip;]<\/p>\n","protected":false},"author":1,"featured_media":206330,"comment_status":"closed","ping_status":"closed","sticky":false,"template":"","format":"standard","meta":{"_et_pb_use_builder":"","_et_pb_old_content":"","_et_gb_content_width":"","footnotes":""},"categories":[8,9,10,11],"tags":[],"class_list":["post-206332","post","type-post","status-publish","format-standard","has-post-thumbnail","hentry","category-actualidad","category-avisos","category-eventos","category-noticias"],"_links":{"self":[{"href":"https:\/\/www.castroderei.gal\/es\/wp-json\/wp\/v2\/posts\/206332\/"}],"collection":[{"href":"https:\/\/www.castroderei.gal\/es\/wp-json\/wp\/v2\/posts\/"}],"about":[{"href":"https:\/\/www.castroderei.gal\/es\/wp-json\/wp\/v2\/types\/post\/"}],"author":[{"embeddable":true,"href":"https:\/\/www.castroderei.gal\/es\/wp-json\/wp\/v2\/users\/1\/"}],"replies":[{"embeddable":true,"href":"https:\/\/www.castroderei.gal\/es\/wp-json\/wp\/v2\/comments\/?post=206332"}],"version-history":[{"count":1,"href":"https:\/\/www.castroderei.gal\/es\/wp-json\/wp\/v2\/posts\/206332\/revisions\/"}],"predecessor-version":[{"id":206333,"href":"https:\/\/www.castroderei.gal\/es\/wp-json\/wp\/v2\/posts\/206332\/revisions\/206333\/"}],"wp:featuredmedia":[{"embeddable":true,"href":"https:\/\/www.castroderei.gal\/es\/wp-json\/wp\/v2\/media\/206330\/"}],"wp:attachment":[{"href":"https:\/\/www.castroderei.gal\/es\/wp-json\/wp\/v2\/media\/?parent=206332"}],"wp:term":[{"taxonomy":"category","embeddable":true,"href":"https:\/\/www.castroderei.gal\/es\/wp-json\/wp\/v2\/categories\/?post=206332"},{"taxonomy":"post_tag","embeddable":true,"href":"https:\/\/www.castroderei.gal\/es\/wp-json\/wp\/v2\/tags\/?post=206332"}],"curies":[{"name":"wp","href":"https:\/\/api.w.org\/{rel}","templated":true}]}}